{"id":1028,"date":"2026-01-23T09:02:57","date_gmt":"2026-01-23T08:02:57","guid":{"rendered":"https:\/\/zitzof.boleslawiec.eu\/?p=1028"},"modified":"2026-01-23T09:02:58","modified_gmt":"2026-01-23T08:02:58","slug":"nabor-niekonkurencyjny-nr-feds-02-10-iz-00-418-26-dzialanie-2-10-ochrona-przyrody-i-klimatu-zit","status":"publish","type":"post","link":"https:\/\/zitzof.boleslawiec.eu\/index.php\/2026\/01\/23\/nabor-niekonkurencyjny-nr-feds-02-10-iz-00-418-26-dzialanie-2-10-ochrona-przyrody-i-klimatu-zit\/","title":{"rendered":"Nab\u00f3r niekonkurencyjny nr FEDS.02.10-IZ.00-418\/26 \u2013 Dzia\u0142anie 2.10 Ochrona przyrody i klimatu \u2013 ZIT"},"content":{"rendered":"\n<p>Zarz\u0105d Wojew\u00f3dztwa Dolno\u015bl\u0105skiego, pe\u0142ni\u0105cy funkcj\u0119 Instytucji Zarz\u0105dzaj\u0105cej Funduszami Europejskimi dla Dolnego \u015al\u0105ska 2021 \u2013 2027, informuje o naborze wniosk\u00f3w o dofinansowanie projekt\u00f3w przeprowadzany w spos\u00f3b niekonkurencyjny ze \u015brodk\u00f3w Europejskiego Funduszu Rozwoju Regionalnego w ramach Priorytetu 2 Fundusze Europejskie na rzecz \u015brodowiska na Dolnym \u015al\u0105sku, Dzia\u0142anie 2.10 Ochrona przyrody i klimatu \u2013 ZIT<\/p>\n\n\n\n<p>Celem naboru jest wyb\u00f3r do dofinansowania nast\u0119puj\u0105cego projektu: \u00a0<\/p>\n\n\n\n<p><strong>\u00a0<strong>Odnowienie parku w Jerzmankach<\/strong><\/strong><\/p>\n\n\n\n<p>Szczeg\u00f3\u0142owe informacje dotycz\u0105ce naboru dost\u0119pne s\u0105 na stronie:<\/p>\n\n\n\n<p><a href=\"https:\/\/funduszeuedolnoslaskie.pl\/nabory\/12574-nabor-niekonkurencyjny-nr-feds0210-iz00-41826-dzialanie-210-ochrona-przyrody-i-klimatu\">https:\/\/funduszeuedolnoslaskie.pl\/nabory\/12574-nabor-niekonkurencyjny-nr-feds0210-iz00-41826-dzialanie-210-ochrona-przyrody-i-klimatu<\/a><\/p>\n","protected":false},"excerpt":{"rendered":"<p>Zarz\u0105d Wojew\u00f3dztwa Dolno\u015bl\u0105skiego, pe\u0142ni\u0105cy funkcj\u0119 Instytucji Zarz\u0105dzaj\u0105cej Funduszami Europejskimi dla Dolnego \u015al\u0105ska 2021 \u2013 2027, informuje o naborze wniosk\u00f3w o dofinansowanie projekt\u00f3w przeprowadzany w spos\u00f3b niekonkurencyjny ze \u015brodk\u00f3w Europejskiego Funduszu Rozwoju Regionalnego w ramach Priorytetu 2 Fundusze Europejskie na rzecz \u015brodowiska na Dolnym \u015al\u0105sku, Dzia\u0142anie 2.10 Ochrona przyrody i klimatu \u2013 ZIT Celem naboru jest [&hellip;]<\/p>\n","protected":false},"author":1,"featured_media":0,"comment_status":"open","ping_status":"open","sticky":false,"template":"","format":"standard","meta":{"footnotes":""},"categories":[9,7],"tags":[],"class_list":["post-1028","post","type-post","status-publish","format-standard","hentry","category-aktualnosci","category-nabory"],"aioseo_notices":[],"_links":{"self":[{"href":"https:\/\/zitzof.boleslawiec.eu\/index.php\/wp-json\/wp\/v2\/posts\/1028","targetHints":{"allow":["GET"]}}],"collection":[{"href":"https:\/\/zitzof.boleslawiec.eu\/index.php\/wp-json\/wp\/v2\/posts"}],"about":[{"href":"https:\/\/zitzof.boleslawiec.eu\/index.php\/wp-json\/wp\/v2\/types\/post"}],"author":[{"embeddable":true,"href":"https:\/\/zitzof.boleslawiec.eu\/index.php\/wp-json\/wp\/v2\/users\/1"}],"replies":[{"embeddable":true,"href":"https:\/\/zitzof.boleslawiec.eu\/index.php\/wp-json\/wp\/v2\/comments?post=1028"}],"version-history":[{"count":2,"href":"https:\/\/zitzof.boleslawiec.eu\/index.php\/wp-json\/wp\/v2\/posts\/1028\/revisions"}],"predecessor-version":[{"id":1043,"href":"https:\/\/zitzof.boleslawiec.eu\/index.php\/wp-json\/wp\/v2\/posts\/1028\/revisions\/1043"}],"wp:attachment":[{"href":"https:\/\/zitzof.boleslawiec.eu\/index.php\/wp-json\/wp\/v2\/media?parent=1028"}],"wp:term":[{"taxonomy":"category","embeddable":true,"href":"https:\/\/zitzof.boleslawiec.eu\/index.php\/wp-json\/wp\/v2\/categories?post=1028"},{"taxonomy":"post_tag","embeddable":true,"href":"https:\/\/zitzof.boleslawiec.eu\/index.php\/wp-json\/wp\/v2\/tags?post=1028"}],"curies":[{"name":"wp","href":"https:\/\/api.w.org\/{rel}","templated":true}]}}