{"id":371,"date":"2024-02-15T12:20:00","date_gmt":"2024-02-15T11:20:00","guid":{"rendered":"https:\/\/zitzof.boleslawiec.eu\/?p=371"},"modified":"2024-10-29T12:24:23","modified_gmt":"2024-10-29T11:24:23","slug":"ii-komitet-sterujacy-zit-zof","status":"publish","type":"post","link":"https:\/\/zitzof.boleslawiec.eu\/index.php\/2024\/02\/15\/ii-komitet-sterujacy-zit-zof\/","title":{"rendered":"II Komitet Steruj\u0105cy ZIT ZOF"},"content":{"rendered":"\n<p>Lider ZIT ZOF \u2013 Prezydent Miasta Boles\u0142awiec&nbsp;zwo\u0142a\u0142 drugie posiedzenie Komitetu Steruj\u0105cego ZIT ZOF.<\/p>\n\n\n\n<p>Posiedzenie odb\u0119dzie si\u0119&nbsp;<strong><u>w dniu 26 lutego 2024 r. o godz. 12 w Urz\u0119dzie Miasta&nbsp; Boles\u0142awiec&nbsp; Rynek 41 \u2013 Ratusz, Sala Rajc\u00f3w, pok. 201.<\/u><\/strong><\/p>\n\n\n\n<p><strong><em>Porz\u0105dek obrad II Komitetu Steruj\u0105cego:<\/em><\/strong><\/p>\n\n\n\n<p>1.&nbsp;&nbsp;&nbsp;&nbsp;&nbsp;&nbsp;Otwarcie Komitetu Steruj\u0105cego.<\/p>\n\n\n\n<p>2.&nbsp;&nbsp;&nbsp;&nbsp;&nbsp;&nbsp;Przyj\u0119cie porz\u0105dku obrad.<\/p>\n\n\n\n<p>3. Zatwierdzenie protoko\u0142u &nbsp;z I posiedzenia KS ZIT ZOF z dnia 28 wrze\u015bnia 2023 r.&nbsp;<\/p>\n\n\n\n<p>4. Przedstawienie listy projekt\u00f3w z Dzia\u0142ania FEDS.02.08 Efektywno\u015b\u0107 energetyczna w budynkach publicznych \u2013 ZIT wraz z szacowan\u0105 alokacj\u0105.&nbsp;<\/p>\n\n\n\n<ol class=\"wp-block-list\">\n<li><\/li>\n<\/ol>\n\n\n\n<p>4.1<strong> <\/strong>Dyskusja nad przyj\u0119ciem ostatecznej listy projekt\u00f3w strategicznych w Dzia\u0142aniuFEDS.02.08 Efektywno\u015b\u0107 energetyczna w budynkach publicznych \u2013 ZIT, mieszcz\u0105cych si\u0119 w alokacji przewidzianej dla ZIT ZOF (lista podstawowa).<\/p>\n\n\n\n<p>4.2 Uchwa\u0142a w sprawie listy projekt\u00f3w strategicznych w Dzia\u0142aniuFEDS.02.08 Efektywno\u015b\u0107 energetyczna w budynkach publicznych \u2013 ZIT, mieszcz\u0105cych si\u0119 w alokacji przewidzianej dla ZIT ZOF.<\/p>\n\n\n\n<p>5. Przerwa w posiedzeniu KS.<\/p>\n\n\n\n<p>6. Przedstawienie listy projekt\u00f3w strategicznych w podziale na list\u0119 podstawow\u0105 i list\u0119 rezerwow\u0105 do uj\u0119cia w Strategii ZIT ZOF.<\/p>\n\n\n\n<p>6.1 &nbsp;Uchwa\u0142a w sprawie przyj\u0119cia listy projekt\u00f3w strategicznych w podziale na list\u0119 podstawow\u0105 i list\u0119 rezerwow\u0105 do uj\u0119cia w Strategii ZIT ZOF.<\/p>\n\n\n\n<p>7. Wolne wnioski i g\u0142osy.<\/p>\n\n\n\n<p>8. Zamkni\u0119cie posiedzenia<\/p>\n\n\n\n<p><\/p>\n","protected":false},"excerpt":{"rendered":"<p>Lider ZIT ZOF \u2013 Prezydent Miasta Boles\u0142awiec&nbsp;zwo\u0142a\u0142 drugie posiedzenie Komitetu Steruj\u0105cego ZIT ZOF. Posiedzenie odb\u0119dzie si\u0119&nbsp;w dniu 26 lutego 2024 r. o godz. 12 w Urz\u0119dzie Miasta&nbsp; Boles\u0142awiec&nbsp; Rynek 41 \u2013 Ratusz, Sala Rajc\u00f3w, pok. 201. Porz\u0105dek obrad II Komitetu Steruj\u0105cego: 1.&nbsp;&nbsp;&nbsp;&nbsp;&nbsp;&nbsp;Otwarcie Komitetu Steruj\u0105cego. 2.&nbsp;&nbsp;&nbsp;&nbsp;&nbsp;&nbsp;Przyj\u0119cie porz\u0105dku obrad. 3. Zatwierdzenie protoko\u0142u &nbsp;z I posiedzenia KS ZIT [&hellip;]<\/p>\n","protected":false},"author":1,"featured_media":0,"comment_status":"open","ping_status":"open","sticky":false,"template":"","format":"standard","meta":{"footnotes":""},"categories":[9],"tags":[],"class_list":["post-371","post","type-post","status-publish","format-standard","hentry","category-aktualnosci"],"aioseo_notices":[],"_links":{"self":[{"href":"https:\/\/zitzof.boleslawiec.eu\/index.php\/wp-json\/wp\/v2\/posts\/371","targetHints":{"allow":["GET"]}}],"collection":[{"href":"https:\/\/zitzof.boleslawiec.eu\/index.php\/wp-json\/wp\/v2\/posts"}],"about":[{"href":"https:\/\/zitzof.boleslawiec.eu\/index.php\/wp-json\/wp\/v2\/types\/post"}],"author":[{"embeddable":true,"href":"https:\/\/zitzof.boleslawiec.eu\/index.php\/wp-json\/wp\/v2\/users\/1"}],"replies":[{"embeddable":true,"href":"https:\/\/zitzof.boleslawiec.eu\/index.php\/wp-json\/wp\/v2\/comments?post=371"}],"version-history":[{"count":2,"href":"https:\/\/zitzof.boleslawiec.eu\/index.php\/wp-json\/wp\/v2\/posts\/371\/revisions"}],"predecessor-version":[{"id":611,"href":"https:\/\/zitzof.boleslawiec.eu\/index.php\/wp-json\/wp\/v2\/posts\/371\/revisions\/611"}],"wp:attachment":[{"href":"https:\/\/zitzof.boleslawiec.eu\/index.php\/wp-json\/wp\/v2\/media?parent=371"}],"wp:term":[{"taxonomy":"category","embeddable":true,"href":"https:\/\/zitzof.boleslawiec.eu\/index.php\/wp-json\/wp\/v2\/categories?post=371"},{"taxonomy":"post_tag","embeddable":true,"href":"https:\/\/zitzof.boleslawiec.eu\/index.php\/wp-json\/wp\/v2\/tags?post=371"}],"curies":[{"name":"wp","href":"https:\/\/api.w.org\/{rel}","templated":true}]}}